{"id":1605,"date":"2026-04-05T23:41:21","date_gmt":"2026-04-05T20:41:21","guid":{"rendered":"https:\/\/ogretek.com\/?p=1605"},"modified":"2026-04-05T23:41:21","modified_gmt":"2026-04-05T20:41:21","slug":"duygusal-tukenmislik","status":"publish","type":"post","link":"https:\/\/ogretek.com\/index.php\/2026\/04\/05\/duygusal-tukenmislik\/","title":{"rendered":"Duygusal T\u00fckenmi\u015flik"},"content":{"rendered":"\n<p><strong>Duygusal T\u00fckenmi\u015flik: \u0130\u00e7ten \u0130\u00e7ten Yorulmak<\/strong><\/p>\n\n\n\n<p>Hayat bazen sadece fiziksel olarak de\u011fil, duygusal olarak da insan\u0131 yorar. Ama bu yorgunluk \u00f6yle bir \u015feydir ki, uyuyarak ge\u00e7mez, dinlenerek azalmaz. \u0130\u015fte buna \u201cduygusal t\u00fckenmi\u015flik\u201d denir. D\u0131\u015far\u0131dan bak\u0131ld\u0131\u011f\u0131nda her \u015fey normal g\u00f6r\u00fcn\u00fcr ama i\u00e7 d\u00fcnyada ciddi bir a\u011f\u0131rl\u0131k vard\u0131r.<\/p>\n\n\n\n<p><strong>Duygusal T\u00fckenmi\u015flik Nedir?<\/strong><\/p>\n\n\n<div class=\"h5p-iframe-wrapper\"><iframe id=\"h5p-iframe-515\" class=\"h5p-iframe\" data-content-id=\"515\" style=\"height:1px\" src=\"about:blank\" frameBorder=\"0\" scrolling=\"no\" title=\"Duygusal T\u00fckenmi\u015flik\"><\/iframe><\/div>\n\n\n\n\n\n<p>Duygusal t\u00fckenmi\u015flik, ki\u015finin s\u00fcrekli stres, bask\u0131 veya yo\u011fun duygusal y\u00fck alt\u0131nda kalmas\u0131 sonucu i\u00e7sel enerjisinin azalmas\u0131d\u0131r. \u0130nsan art\u0131k eskisi gibi hissedemez, heyecanlanamaz, hatta bazen hi\u00e7bir \u015fey hissetmemeye ba\u015flar. Bu durum sadece i\u015f hayat\u0131nda de\u011fil; ili\u015fkilerde, okulda ya da aile i\u00e7inde de ortaya \u00e7\u0131kabilir.<\/p>\n\n\n\n<p><strong>Belirtileri Nelerdir?<\/strong><\/p>\n\n\n\n<p>Duygusal t\u00fckenmi\u015flik ya\u015fayan biri genelde bunu hemen fark etmez. Ama baz\u0131 i\u015faretler vard\u0131r:<\/p>\n\n\n\n<ul class=\"wp-block-list\">\n<li>S\u00fcrekli yorgun hissetmek<\/li>\n\n\n\n<li>Eskiden keyif al\u0131nan \u015feylerden zevk almamak<\/li>\n\n\n\n<li>\u0130nsanlardan uzakla\u015fma iste\u011fi<\/li>\n\n\n\n<li>K\u00fc\u00e7\u00fck \u015feylere kar\u015f\u0131 tahamm\u00fcls\u00fczl\u00fck<\/li>\n\n\n\n<li>\u201cHi\u00e7bir \u015fey de\u011fi\u015fmeyecek\u201d d\u00fc\u015f\u00fcncesi<\/li>\n\n\n\n<li>Duygusal bo\u015fluk ya da hissizlik<\/li>\n<\/ul>\n\n\n\n<p>Bu belirtiler zamanla artabilir ve ki\u015finin g\u00fcnl\u00fck ya\u015fam\u0131n\u0131 etkileyebilir.<\/p>\n\n\n\n<p><strong>Neden Olur?<\/strong><\/p>\n\n\n\n<p>Bu durum genelde tek bir sebepten kaynaklanmaz. Birikerek olu\u015fur:<\/p>\n\n\n\n<ul class=\"wp-block-list\">\n<li>S\u00fcrekli stres alt\u0131nda olmak<\/li>\n\n\n\n<li>Kendine yeterince zaman ay\u0131rmamak<\/li>\n\n\n\n<li>Fazla sorumluluk y\u00fcklenmek<\/li>\n\n\n\n<li>Duygular\u0131 bast\u0131rmak<\/li>\n\n\n\n<li>Sa\u011fl\u0131ks\u0131z ili\u015fkiler i\u00e7inde olmak<\/li>\n<\/ul>\n\n\n\n<p>\u00d6zellikle \u201chep g\u00fc\u00e7l\u00fc olmak zorunday\u0131m\u201d d\u00fc\u015f\u00fcncesi, insan\u0131 en \u00e7ok yoran \u015feylerden biridir.<\/p>\n\n\n\n<p><strong>Duygusal T\u00fckenmi\u015flikle Nas\u0131l Ba\u015fa \u00c7\u0131k\u0131l\u0131r?<\/strong><\/p>\n\n\n\n<p>Bu noktada en \u00f6nemli \u015fey, bunu fark etmek ve ciddiye almakt\u0131r. K\u00fc\u00e7\u00fck ad\u0131mlar bile \u00e7ok \u015fey de\u011fi\u015ftirir:<\/p>\n\n\n\n<ul class=\"wp-block-list\">\n<li>Kendine zaman ay\u0131rmak<\/li>\n\n\n\n<li>Duygular\u0131n\u0131 bast\u0131rmak yerine ifade etmek<\/li>\n\n\n\n<li>Gerekti\u011finde \u201chay\u0131r\u201d diyebilmek<\/li>\n\n\n\n<li>Sosyal destek almak (arkada\u015f, aile)<\/li>\n\n\n\n<li>Gerekirse bir uzmandan yard\u0131m almak<\/li>\n<\/ul>\n\n\n\n<p>Her \u015fey bir anda d\u00fczelmez ama insan kendine d\u00f6nmeye ba\u015flad\u0131k\u00e7a toparlanma da ba\u015flar.<\/p>\n\n\n\n<p><strong>Sonu\u00e7: Kendini \u0130hmal Etme<\/strong><\/p>\n\n\n\n<p>Duygusal t\u00fckenmi\u015flik, bir zay\u0131fl\u0131k de\u011fil; aksine \u00e7ok fazla y\u00fck ta\u015f\u0131man\u0131n bir sonucudur. Bazen durmak, geri \u00e7ekilmek ve kendini dinlemek gerekir. \u00c7\u00fcnk\u00fc insan kendine iyi bakmad\u0131\u011f\u0131nda, hi\u00e7bir \u015fey ger\u00e7ekten iyi gitmez.<\/p>\n\n\n\n<p><\/p>\n","protected":false},"excerpt":{"rendered":"<p>Duygusal T\u00fckenmi\u015flik: \u0130\u00e7ten \u0130\u00e7ten Yorulmak Hayat bazen sadece fiziksel olarak de\u011fil, duygusal olarak da insan\u0131 yorar. Ama bu yorgunluk \u00f6yle bir \u015feydir ki, uyuyarak ge\u00e7mez, dinlenerek azalmaz. \u0130\u015fte buna \u201cduygusal t\u00fckenmi\u015flik\u201d denir. D\u0131\u015far\u0131dan bak\u0131ld\u0131\u011f\u0131nda her \u015fey normal g\u00f6r\u00fcn\u00fcr ama i\u00e7 d\u00fcnyada ciddi bir a\u011f\u0131rl\u0131k vard\u0131r. Duygusal T\u00fckenmi\u015flik Nedir? Duygusal t\u00fckenmi\u015flik, ki\u015finin s\u00fcrekli stres, bask\u0131 veya [&hellip;]<\/p>\n","protected":false},"author":392,"featured_media":0,"comment_status":"open","ping_status":"open","sticky":false,"template":"","format":"standard","meta":{"footnotes":""},"categories":[1],"tags":[],"class_list":["post-1605","post","type-post","status-publish","format-standard","hentry","category-genel"],"_links":{"self":[{"href":"https:\/\/ogretek.com\/index.php\/wp-json\/wp\/v2\/posts\/1605","targetHints":{"allow":["GET"]}}],"collection":[{"href":"https:\/\/ogretek.com\/index.php\/wp-json\/wp\/v2\/posts"}],"about":[{"href":"https:\/\/ogretek.com\/index.php\/wp-json\/wp\/v2\/types\/post"}],"author":[{"embeddable":true,"href":"https:\/\/ogretek.com\/index.php\/wp-json\/wp\/v2\/users\/392"}],"replies":[{"embeddable":true,"href":"https:\/\/ogretek.com\/index.php\/wp-json\/wp\/v2\/comments?post=1605"}],"version-history":[{"count":1,"href":"https:\/\/ogretek.com\/index.php\/wp-json\/wp\/v2\/posts\/1605\/revisions"}],"predecessor-version":[{"id":1610,"href":"https:\/\/ogretek.com\/index.php\/wp-json\/wp\/v2\/posts\/1605\/revisions\/1610"}],"wp:attachment":[{"href":"https:\/\/ogretek.com\/index.php\/wp-json\/wp\/v2\/media?parent=1605"}],"wp:term":[{"taxonomy":"category","embeddable":true,"href":"https:\/\/ogretek.com\/index.php\/wp-json\/wp\/v2\/categories?post=1605"},{"taxonomy":"post_tag","embeddable":true,"href":"https:\/\/ogretek.com\/index.php\/wp-json\/wp\/v2\/tags?post=1605"}],"curies":[{"name":"wp","href":"https:\/\/api.w.org\/{rel}","templated":true}]}}