{"id":1607,"date":"2026-04-05T23:40:55","date_gmt":"2026-04-05T20:40:55","guid":{"rendered":"https:\/\/ogretek.com\/?p=1607"},"modified":"2026-04-05T23:40:55","modified_gmt":"2026-04-05T20:40:55","slug":"duygu-dusunce-davranis","status":"publish","type":"post","link":"https:\/\/ogretek.com\/index.php\/2026\/04\/05\/duygu-dusunce-davranis\/","title":{"rendered":"Duygu-D\u00fc\u015f\u00fcnce-Davran\u0131\u015f"},"content":{"rendered":"\n<p><strong>Kayg\u0131: Duygu, D\u00fc\u015f\u00fcnce ve Davran\u0131\u015f Boyutlar\u0131yla Anlamak<\/strong><\/p>\n\n\n<div class=\"h5p-iframe-wrapper\"><iframe id=\"h5p-iframe-508\" class=\"h5p-iframe\" data-content-id=\"508\" style=\"height:1px\" src=\"about:blank\" frameBorder=\"0\" scrolling=\"no\" title=\"Duygu-D\u00fc\u015f\u00fcnce-Davran\u0131\u015f\"><\/iframe><\/div>\n\n\n\n<p>Kayg\u0131, g\u00fcnl\u00fck hayatta herkesin zaman zaman ya\u015fad\u0131\u011f\u0131 do\u011fal bir duygudur. \u00d6zellikle s\u0131nav, gelecek planlar\u0131 veya sosyal ili\u015fkiler gibi durumlarda ortaya \u00e7\u0131kar. Ancak kayg\u0131y\u0131 sadece bir duygu olarak g\u00f6rmek eksiktir. Psikolojide kayg\u0131; duygu, d\u00fc\u015f\u00fcnce ve davran\u0131\u015f olmak \u00fczere \u00fc\u00e7 temel boyutta ele al\u0131n\u0131r. Bu \u00fc\u00e7 boyut birbiriyle ba\u011flant\u0131l\u0131d\u0131r ve birbirini s\u00fcrekli etkiler.<\/p>\n\n\n\n<p><strong>Duygu Boyutu&nbsp;<\/strong><\/p>\n\n\n\n<p>Kayg\u0131n\u0131n duygu boyutu, ki\u015finin i\u00e7 d\u00fcnyas\u0131nda ya\u015fad\u0131\u011f\u0131 hislerle ilgilidir. Bu boyutta ki\u015fi genellikle huzursuzluk, gerginlik, korku ve panik gibi duygular ya\u015far. Psikolojik olarak bu durum, beynin tehlike alg\u0131lad\u0131\u011f\u0131nda verdi\u011fi do\u011fal bir tepkidir. \u00d6zellikle belirsizlik ve kontrol kayb\u0131 hissi kayg\u0131n\u0131n artmas\u0131na neden olur.<\/p>\n\n\n\n<p><strong>D\u00fc\u015f\u00fcnce Boyutu&nbsp;<\/strong><\/p>\n\n\n\n<p>Kayg\u0131n\u0131n d\u00fc\u015f\u00fcnce boyutu, ki\u015finin zihninden ge\u00e7en olumsuz ve genellikle abart\u0131l\u0131 d\u00fc\u015f\u00fcncelerle ilgilidir. Bu d\u00fc\u015f\u00fcnceler \u00e7o\u011fu zaman ger\u00e7ek\u00e7i de\u011fildir ve kayg\u0131y\u0131 art\u0131r\u0131r.<\/p>\n\n\n\n<p>Bu boyutta s\u0131k g\u00f6r\u00fclen d\u00fc\u015f\u00fcnceler:<\/p>\n\n\n\n<ul class=\"wp-block-list\">\n<li>\u201cKesin ba\u015far\u0131s\u0131z olaca\u011f\u0131m\u201d<\/li>\n\n\n\n<li>\u201cHerkes benden daha iyi\u201d<\/li>\n\n\n\n<li>\u201cRezillik ya\u015fayaca\u011f\u0131m\u201d<\/li>\n<\/ul>\n\n\n\n<p>Psikolojik a\u00e7\u0131dan bu durum bili\u015fsel \u00e7arp\u0131tmalarla a\u00e7\u0131klan\u0131r. Ki\u015fi olaylar\u0131 oldu\u011fundan daha k\u00f6t\u00fc alg\u0131lar.<\/p>\n\n\n\n<p><strong>Davran\u0131\u015f Boyutu&nbsp;<\/strong><\/p>\n\n\n\n<p>Kayg\u0131n\u0131n davran\u0131\u015f boyutu, ki\u015finin kayg\u0131 sonucunda sergiledi\u011fi davran\u0131\u015flarla ilgilidir. Bu davran\u0131\u015flar genellikle ka\u00e7\u0131nma, erteleme ve a\u015f\u0131r\u0131 kontrol \u015feklinde ortaya \u00e7\u0131kar.<\/p>\n\n\n\n<p>Ayr\u0131ca fiziksel tepkiler de g\u00f6r\u00fclebilir: t\u0131rnak yeme, ellerin titremesi gibi.<\/p>\n\n\n\n<p>Psikolojik olarak ki\u015fi kayg\u0131 veren durumdan uzakla\u015farak rahatlamaya \u00e7al\u0131\u015f\u0131r. Ancak bu durum uzun vadede kayg\u0131y\u0131 azaltmaz, aksine art\u0131r\u0131r.<\/p>\n\n\n\n<p><strong>Duygu \u2013 D\u00fc\u015f\u00fcnce \u2013 Davran\u0131\u015f \u0130li\u015fkisi<\/strong><\/p>\n\n\n\n<p>Bu \u00fc\u00e7 boyut birbirinden ba\u011f\u0131ms\u0131z de\u011fildir, s\u00fcrekli birbirini etkiler.<\/p>\n\n\n\n<p>Olumsuz d\u00fc\u015f\u00fcnceler kayg\u0131y\u0131 art\u0131r\u0131r, artan kayg\u0131 davran\u0131\u015flar\u0131 etkiler ve bu davran\u0131\u015flar tekrar olumsuz d\u00fc\u015f\u00fcnceleri besler. Bu d\u00f6ng\u00fc psikolojide kayg\u0131 d\u00f6ng\u00fcs\u00fc olarak adland\u0131r\u0131l\u0131r.<\/p>\n\n\n\n<p>Kayg\u0131, sadece bir duygu de\u011fil; d\u00fc\u015f\u00fcncelerimiz ve davran\u0131\u015flar\u0131m\u0131zla birlikte \u00e7al\u0131\u015fan bir s\u00fcre\u00e7tir. Bu nedenle kayg\u0131yla ba\u015f etmek i\u00e7in sadece rahatlamaya \u00e7al\u0131\u015fmak yeterli de\u011fildir. Ayn\u0131 zamanda d\u00fc\u015f\u00fcnceleri fark etmek ve davran\u0131\u015flar\u0131 d\u00fczenlemek gerekir.<\/p>\n\n\n\n<p><\/p>\n","protected":false},"excerpt":{"rendered":"<p>Kayg\u0131: Duygu, D\u00fc\u015f\u00fcnce ve Davran\u0131\u015f Boyutlar\u0131yla Anlamak Kayg\u0131, g\u00fcnl\u00fck hayatta herkesin zaman zaman ya\u015fad\u0131\u011f\u0131 do\u011fal bir duygudur. \u00d6zellikle s\u0131nav, gelecek planlar\u0131 veya sosyal ili\u015fkiler gibi durumlarda ortaya \u00e7\u0131kar. Ancak kayg\u0131y\u0131 sadece bir duygu olarak g\u00f6rmek eksiktir. Psikolojide kayg\u0131; duygu, d\u00fc\u015f\u00fcnce ve davran\u0131\u015f olmak \u00fczere \u00fc\u00e7 temel boyutta ele al\u0131n\u0131r. Bu \u00fc\u00e7 boyut birbiriyle ba\u011flant\u0131l\u0131d\u0131r ve [&hellip;]<\/p>\n","protected":false},"author":391,"featured_media":0,"comment_status":"open","ping_status":"open","sticky":false,"template":"","format":"standard","meta":{"footnotes":""},"categories":[1],"tags":[],"class_list":["post-1607","post","type-post","status-publish","format-standard","hentry","category-genel"],"_links":{"self":[{"href":"https:\/\/ogretek.com\/index.php\/wp-json\/wp\/v2\/posts\/1607","targetHints":{"allow":["GET"]}}],"collection":[{"href":"https:\/\/ogretek.com\/index.php\/wp-json\/wp\/v2\/posts"}],"about":[{"href":"https:\/\/ogretek.com\/index.php\/wp-json\/wp\/v2\/types\/post"}],"author":[{"embeddable":true,"href":"https:\/\/ogretek.com\/index.php\/wp-json\/wp\/v2\/users\/391"}],"replies":[{"embeddable":true,"href":"https:\/\/ogretek.com\/index.php\/wp-json\/wp\/v2\/comments?post=1607"}],"version-history":[{"count":1,"href":"https:\/\/ogretek.com\/index.php\/wp-json\/wp\/v2\/posts\/1607\/revisions"}],"predecessor-version":[{"id":1609,"href":"https:\/\/ogretek.com\/index.php\/wp-json\/wp\/v2\/posts\/1607\/revisions\/1609"}],"wp:attachment":[{"href":"https:\/\/ogretek.com\/index.php\/wp-json\/wp\/v2\/media?parent=1607"}],"wp:term":[{"taxonomy":"category","embeddable":true,"href":"https:\/\/ogretek.com\/index.php\/wp-json\/wp\/v2\/categories?post=1607"},{"taxonomy":"post_tag","embeddable":true,"href":"https:\/\/ogretek.com\/index.php\/wp-json\/wp\/v2\/tags?post=1607"}],"curies":[{"name":"wp","href":"https:\/\/api.w.org\/{rel}","templated":true}]}}